{"id":11755,"date":"2026-08-20T06:00:53","date_gmt":"2026-08-20T04:00:53","guid":{"rendered":"https:\/\/www.maxcolchon.com\/pt\/informacao\/?p=11755"},"modified":"2026-08-20T09:38:47","modified_gmt":"2026-08-20T07:38:47","slug":"colchoes-para-camas-articuladas","status":"publish","type":"post","link":"https:\/\/blog-pt.maxcolchon.com\/colchoes-para-camas-articuladas\/","title":{"rendered":"Como escolher um colch\u00e3o para camas articuladas"},"content":{"rendered":"<p>Desde a pr\u00f3pria independ\u00eancia f\u00edsica que garantem, at\u00e9 \u00e0 comodidade extra que se consegue, para ler ou ver televis\u00e3o. Falamos das vantagens do\u00a0<a title=\"Colch\u00f5es\" href=\"https:\/\/www.maxcolchon.com\/pt\/colchoes-c-1?utm_source=blogPT&amp;utm_medium=internallink&amp;utm_campaign=colchoes\" data-internallinksmanager029f6b8e52c=\"1\" target=\"_blank\" rel=\"noopener\">colch\u00e3o<\/a>\u00a0para\u00a0<a title=\"Estrados articulados\" href=\"https:\/\/www.maxcolchon.com\/pt\/estrados-articulados-c-26?utm_source=blogPT&amp;utm_medium=internallink&amp;utm_campaign=estradosarticulados\" data-internallinksmanager029f6b8e52c=\"18\" target=\"_blank\" rel=\"noopener\">camas articuladas<\/a>, um modelo de equipamento de descanso que at\u00e9 h\u00e1 bem pouco tempo apenas se associava \u00e0s pessoas com incapacidade, de terceira idade, ou pessoas com mobilidade reduzida.<\/p>\n","protected":false},"excerpt":{"rendered":"<p>Desde a pr\u00f3pria independ\u00eancia f\u00edsica que garantem, at\u00e9 \u00e0 comodidade extra que se consegue, para ler ou ver televis\u00e3o. Falamos das vantagens do\u00a0colch\u00e3o\u00a0para\u00a0camas articuladas, um modelo de equipamento de descanso que at\u00e9 h\u00e1 bem pouco tempo apenas se associava \u00e0s pessoas com incapacidade, de terceira idade, ou pessoas com mobilidade reduzida.<\/p>\n","protected":false},"author":8,"featured_media":33383,"comment_status":"closed","ping_status":"closed","sticky":false,"template":"","format":"standard","meta":{"_acf_changed":false,"footnotes":""},"categories":[631,629],"tags":[17,60,248],"class_list":["post-11755","post","type-post","status-publish","format-standard","has-post-thumbnail","hentry","category-produtos","category-quarto-de-dormir","tag-5planos","tag-articulado","tag-estradoarticulado"],"acf":[],"_links":{"self":[{"href":"https:\/\/blog-pt.maxcolchon.com\/wp-json\/wp\/v2\/posts\/11755","targetHints":{"allow":["GET"]}}],"collection":[{"href":"https:\/\/blog-pt.maxcolchon.com\/wp-json\/wp\/v2\/posts"}],"about":[{"href":"https:\/\/blog-pt.maxcolchon.com\/wp-json\/wp\/v2\/types\/post"}],"author":[{"embeddable":true,"href":"https:\/\/blog-pt.maxcolchon.com\/wp-json\/wp\/v2\/users\/8"}],"replies":[{"embeddable":true,"href":"https:\/\/blog-pt.maxcolchon.com\/wp-json\/wp\/v2\/comments?post=11755"}],"version-history":[{"count":9,"href":"https:\/\/blog-pt.maxcolchon.com\/wp-json\/wp\/v2\/posts\/11755\/revisions"}],"predecessor-version":[{"id":39309,"href":"https:\/\/blog-pt.maxcolchon.com\/wp-json\/wp\/v2\/posts\/11755\/revisions\/39309"}],"wp:featuredmedia":[{"embeddable":true,"href":"https:\/\/blog-pt.maxcolchon.com\/wp-json\/wp\/v2\/media\/33383"}],"wp:attachment":[{"href":"https:\/\/blog-pt.maxcolchon.com\/wp-json\/wp\/v2\/media?parent=11755"}],"wp:term":[{"taxonomy":"category","embeddable":true,"href":"https:\/\/blog-pt.maxcolchon.com\/wp-json\/wp\/v2\/categories?post=11755"},{"taxonomy":"post_tag","embeddable":true,"href":"https:\/\/blog-pt.maxcolchon.com\/wp-json\/wp\/v2\/tags?post=11755"}],"curies":[{"name":"wp","href":"https:\/\/api.w.org\/{rel}","templated":true}]}}