{"id":12669,"date":"2026-08-20T06:00:59","date_gmt":"2026-08-20T04:00:59","guid":{"rendered":"https:\/\/www.maxcolchon.com\/pt\/informacao\/?p=12669"},"modified":"2026-08-20T09:45:28","modified_gmt":"2026-08-20T07:45:28","slug":"os-melhores-colchoes-para-evitar-o-calor-deste-verao","status":"publish","type":"post","link":"https:\/\/blog-pt.maxcolchon.com\/os-melhores-colchoes-para-evitar-o-calor-deste-verao\/","title":{"rendered":"Os melhores colch\u00f5es de ver\u00e3o para um descanso fresco e reparador"},"content":{"rendered":"<p>Apenas ter\u00e1 de olhar para <a href=\"https:\/\/aemetblog.es\/2019\/01\/26\/la-evolucion-del-clima-en-espana-desde-1980\/\" target=\"_blank\" rel=\"noopener\">as estat\u00edsticas hist\u00f3ricas de Aemet<\/a> para se dar conta da mudan\u00e7a clim\u00e1tica que estamos a viver. Sem irmos mais longe do que 1990, em Espanha desfrutamos de um ver\u00e3o c\u00e1lido, com m\u00e9dias em julho e agosto de 20,7 em julho e 20,6 em agosto. Apenas tr\u00eas d\u00e9cadas depois, as m\u00e9dias j\u00e1 subiram praticamente quatro graus, fixando as m\u00e9dias dos meses de julho e agosto de 2020 em 23, 9\u00ba. O que fazer perante este incremento geral das temperaturas? Como combater com umas temporadas de ver\u00e3o extremamente calorosas? Na Maxcolchon temos uma solu\u00e7\u00e3o bastante clara: adquirir um dos melhores <a title=\"Colch\u00f5es\" href=\"https:\/\/www.maxcolchon.com\/pt\/colchoes-c-1?utm_source=blogPT&amp;utm_medium=internallink&amp;utm_campaign=colchoes\" data-internallinksmanager029f6b8e52c=\"1\" target=\"_blank\" rel=\"noopener\">colch\u00f5es<\/a> para o ver\u00e3o.<\/p>\n","protected":false},"excerpt":{"rendered":"<p>Apenas ter\u00e1 de olhar para as estat\u00edsticas hist\u00f3ricas de Aemet para se dar conta da mudan\u00e7a clim\u00e1tica que estamos a viver. Sem irmos mais longe do que 1990, em Espanha desfrutamos de um ver\u00e3o c\u00e1lido, com m\u00e9dias em julho e agosto de 20,7 em julho e 20,6 em agosto. Apenas tr\u00eas d\u00e9cadas depois, as m\u00e9dias [&hellip;]<\/p>\n","protected":false},"author":8,"featured_media":36048,"comment_status":"closed","ping_status":"closed","sticky":false,"template":"","format":"standard","meta":{"_acf_changed":false,"footnotes":""},"categories":[631,629],"tags":[63,163,273],"class_list":["post-12669","post","type-post","status-publish","format-standard","has-post-thumbnail","hentry","category-produtos","category-quarto-de-dormir","tag-atermico","tag-colchoesfrescos","tag-gamaalta"],"acf":[],"_links":{"self":[{"href":"https:\/\/blog-pt.maxcolchon.com\/wp-json\/wp\/v2\/posts\/12669","targetHints":{"allow":["GET"]}}],"collection":[{"href":"https:\/\/blog-pt.maxcolchon.com\/wp-json\/wp\/v2\/posts"}],"about":[{"href":"https:\/\/blog-pt.maxcolchon.com\/wp-json\/wp\/v2\/types\/post"}],"author":[{"embeddable":true,"href":"https:\/\/blog-pt.maxcolchon.com\/wp-json\/wp\/v2\/users\/8"}],"replies":[{"embeddable":true,"href":"https:\/\/blog-pt.maxcolchon.com\/wp-json\/wp\/v2\/comments?post=12669"}],"version-history":[{"count":12,"href":"https:\/\/blog-pt.maxcolchon.com\/wp-json\/wp\/v2\/posts\/12669\/revisions"}],"predecessor-version":[{"id":39311,"href":"https:\/\/blog-pt.maxcolchon.com\/wp-json\/wp\/v2\/posts\/12669\/revisions\/39311"}],"wp:featuredmedia":[{"embeddable":true,"href":"https:\/\/blog-pt.maxcolchon.com\/wp-json\/wp\/v2\/media\/36048"}],"wp:attachment":[{"href":"https:\/\/blog-pt.maxcolchon.com\/wp-json\/wp\/v2\/media?parent=12669"}],"wp:term":[{"taxonomy":"category","embeddable":true,"href":"https:\/\/blog-pt.maxcolchon.com\/wp-json\/wp\/v2\/categories?post=12669"},{"taxonomy":"post_tag","embeddable":true,"href":"https:\/\/blog-pt.maxcolchon.com\/wp-json\/wp\/v2\/tags?post=12669"}],"curies":[{"name":"wp","href":"https:\/\/api.w.org\/{rel}","templated":true}]}}